{"id":6975,"date":"2019-04-23T12:01:07","date_gmt":"2019-04-23T12:01:07","guid":{"rendered":"https:\/\/emprendedoressostenibles.com\/2019\/04\/23\/la-responsabilidad-social-empresarial-es-una-opcion-o-una-necesidad-para-las-empresas\/"},"modified":"2019-04-23T12:24:53","modified_gmt":"2019-04-23T12:24:53","slug":"la-responsabilidad-social-empresarial-es-una-opcion-o-una-necesidad-para-las-empresas","status":"publish","type":"post","link":"https:\/\/emprendedoressostenibles.com\/val\/la-responsabilidad-social-empresarial-es-una-opcion-o-una-necesidad-para-las-empresas\/","title":{"rendered":"La Responsabilitat Social Empresarial, \u00e9s una opci\u00f3 o una necessitat per a les empreses?"},"content":{"rendered":"<p>La Responsabilitat Social de les Empreses (RSE) \u00e9s un concepte modern que va apar\u00e9ixer fa 30 anys. Cap a finals del segle passat la RSE comen\u00e7ava a tindre una certa projecci\u00f3 empresarial, i va ser en 2001 quan es va publicar el Llibre Verd de la Comissi\u00f3 Europea, sobre com \u00abFomentar un marc europeu per a la Responsabilitat Social de les Empreses\u00bb, deixant clar que havia de tindre car\u00e0cter voluntari. Tant \u00e9s aix\u00ed, que es va definir la RSE com: \u00abLa integraci\u00f3 volunt\u00e0ria per part de les empreses, de les preocupacions socials i mediambientals, en les operacions comercials i les relacions amb els seus interlocutors\u00bb.<\/p>\n<p>La tend\u00e8ncia, hui dia, \u00e9s alinear i integrar iniciatives socials i ambientals amb l&#8217;activitat empresarial, ja que impulsen l&#8217;empresa i la lleialtat dels consumidors cap a una determinada marca. La consci\u00e8ncia social del l\u00edder i el seu desig de fer una aportaci\u00f3 a la societat est\u00e0 canviant l&#8217;entorn dels negocis, i va m\u00e9s enll\u00e0 de la mera filantropia a la qual est\u00e0vem acostumats. Per\u00f2, s\u00f3n aquestes iniciatives una rentada d&#8217;imatge o s&#8217;integren en la pr\u00f2pia estrat\u00e8gia empresarial com un valor?<\/p>\n<figure id=\"attachment_6967\" aria-describedby=\"caption-attachment-6967\" style=\"width: 394px\" class=\"wp-caption aligncenter\"><img loading=\"lazy\" class=\"wp-image-6967 size-full\" src=\"https:\/\/emprendedoressostenibles.com\/wp-content\/uploads\/2019\/04\/grafica.png\" alt=\"\" width=\"394\" height=\"380\" srcset=\"https:\/\/emprendedoressostenibles.com\/wp-content\/uploads\/2019\/04\/grafica.png 394w, https:\/\/emprendedoressostenibles.com\/wp-content\/uploads\/2019\/04\/grafica-300x289.png 300w\" sizes=\"(max-width: 394px) 100vw, 394px\" \/><figcaption id=\"caption-attachment-6967\" class=\"wp-caption-text\">Gr\u00e0fica. L&#8217;empresa de Responsabilitat Social Corporativa: empresa sostenible (Font: www.zinkmarkng.es). (Fuente: www.zinkmarkng.es).<\/figcaption><\/figure>\n<p>El que \u00e9s clar \u00e9s que en aquests \u00faltims anys s&#8217;est\u00e0 evidenciant una societat que demana que les organitzacions reconeguen la seua capacitat d&#8217;ocasionar impactes negatius sobre el medi i han de ser totalment responsables en la gesti\u00f3 de l&#8217;activitat empresarial a m\u00e9s de comptar amb la voluntat de minimitzar aquests impactes.<\/p>\n<p>Com assenyala l&#8217;estudi \u00abLa RSE i les Cooperatives\u00bb, promogut per la\u00a0 Confederaci\u00f3 Espanyola de Cooperatives de Treballat Associat \u2013 COCETA, cada vegada som m\u00e9s persones les que optem per recon\u00e9ixer l&#8217;esfor\u00e7 d&#8217;aquelles empreses m\u00e9s responsables des de les nostres diferents facetes:<\/p>\n<p>&nbsp;<\/p>\n<ul>\n<li>Com a consumidors: segons l&#8217;informe de For\u00e9tica 2011, el 21% dels consumidors d\u00f3na prefer\u00e8ncia a productes socialment responsables, mentre que el 45% fa boicot o evita productes socialment i mediambientalment irresponsables.<\/li>\n<li>Com a inversors: la banca \u00e8tica al nostre pa\u00eds ha crescut per damunt del 60% en aquests anys de crisis i els inversors reclamen cada vegada m\u00e9s transpar\u00e8ncia i comprom\u00eds amb la RSE per part de les empreses.<\/li>\n<li>Com a treballadors: una enquesta realitzada a treballadors al voltant del m\u00f3n ens demostra alguna cosa que no ens hauria de sorprendre, les empreses amb millor RSE tenen a treballadors m\u00e9s motivats i m\u00e9s compromesos amb l&#8217;empresa. (Employee Perceptions of Corporate Social Responsibility and the Implications for Your Organization).<\/li>\n<\/ul>\n<p>D&#8217;aquestes xifres es despr\u00e9n que els clients s\u00f3n un grup d&#8217;inter\u00e9s a tindre en compte i que la qualitat juga un paper important a l&#8217;hora de satisfer les seues necessitats. Quan els empresaris compatibilitzen el seu negoci amb activitats socials, la imatge de la companyia millora d&#8217;una manera espectacular, guanyant espais de confian\u00e7a entre els seus consumidors, menys preocupats per la qualitat dels productes que consumeixen, que donen per suposada, i que busquen comprar a organitzacions que mostren un alt grau de comprom\u00eds amb el desenvolupament sostenible i el maneig \u00e8tic i moral dels seus negocis com a element fonamental.<\/p>\n<p>La responsabilitat, en aquest sentit, ha d&#8217;anar m\u00e9s enll\u00e0 de l&#8217;\u00e8tica individual de les persones que componen les empreses, afecta a l&#8217;organitzaci\u00f3 en si mateixa, ja que \u00e9s un ens amb responsabilitat pr\u00f2pia econ\u00f2mica, social i mediambiental a la qual ha d&#8217;exigir-se-li comportaments concordes amb aquesta responsabilitat. La RSE suposa per tant, que l&#8217;empresa s&#8217;oriente, no solament cap a la maximitzaci\u00f3 dels beneficis econ\u00f2mics, sin\u00f3 tamb\u00e9 al benestar social i protecci\u00f3 ambiental.<\/p>\n<p>El comportament de l&#8217;empresa es pot analitzar a trav\u00e9s d&#8217;una s\u00e8rie d&#8217;indicadors d&#8217;acompliment a nivell intern i extern, com a mostra la seg\u00fcent taula:<\/p>\n<p>&nbsp;<\/p>\n<table border=\"1\">\n<tbody>\n<tr>\n<td width=\"198\">ECON\u00d2MIC<\/td>\n<td width=\"198\">SOCIAL<\/td>\n<td width=\"198\">AMBIENTAL<\/td>\n<\/tr>\n<tr>\n<td width=\"198\">1.\u00a0\u00a0\u00a0\u00a0\u00a0\u00a0\u00a0 Pla estrat\u00e8gic<\/p>\n<p>2.\u00a0\u00a0\u00a0\u00a0\u00a0\u00a0\u00a0 Sistemas de Gesti\u00f3<\/p>\n<p>3.\u00a0\u00a0\u00a0\u00a0\u00a0\u00a0\u00a0 Marquetin responsable<\/p>\n<p>4.\u00a0\u00a0\u00a0\u00a0\u00a0\u00a0\u00a0 \u00das de recursos locals<\/p>\n<p>5.\u00a0\u00a0\u00a0\u00a0\u00a0\u00a0\u00a0 Gesti\u00f3 de capital<\/p>\n<p>6.\u00a0\u00a0\u00a0\u00a0\u00a0\u00a0\u00a0 Transpar\u00e8ncia<\/td>\n<td width=\"198\">1.\u00a0\u00a0\u00a0\u00a0\u00a0\u00a0\u00a0 Igualtat d\u2019oportunitats<\/p>\n<p>2.\u00a0\u00a0\u00a0\u00a0\u00a0\u00a0\u00a0 Conciliaci\u00f3<\/p>\n<p>3.\u00a0\u00a0\u00a0\u00a0\u00a0\u00a0\u00a0 Prevenci\u00f3 de riscos laborals<\/p>\n<p>4.\u00a0\u00a0\u00a0\u00a0\u00a0\u00a0\u00a0 Formaci\u00f3 interna<\/p>\n<p>5.\u00a0\u00a0\u00a0\u00a0\u00a0\u00a0\u00a0 Comunicaci\u00f3 i participaci\u00f3<\/p>\n<p>6.\u00a0\u00a0\u00a0\u00a0\u00a0\u00a0\u00a0 Relaci\u00f3 amb clients i prove\u00efdors<\/p>\n<p>7.\u00a0\u00a0\u00a0\u00a0\u00a0\u00a0\u00a0 Integraci\u00f3 amb la comunitat<\/p>\n<p>8.\u00a0\u00a0\u00a0\u00a0\u00a0\u00a0\u00a0 Gesti\u00f3 ling\u00fc\u00edstica<\/td>\n<td width=\"198\">1.\u00a0\u00a0\u00a0\u00a0\u00a0\u00a0\u00a0 Pol\u00edtica medioambiental<\/p>\n<p>1.\u00a0\u00a0\u00a0\u00a0 Optimizaci\u00f3 consum aigua<\/p>\n<p>2.\u00a0\u00a0\u00a0\u00a0 Estalvi energ\u00e8tic<\/p>\n<p>3.\u00a0\u00a0\u00a0\u00a0 Gesti\u00f3 de residus<\/p>\n<p>4.\u00a0\u00a0\u00a0\u00a0 Reducci\u00f3 contaminaci\u00f3 atmosf\u00e9rica, ac\u00fastica i lum\u00ednica<\/p>\n<p>5.\u00a0\u00a0\u00a0\u00a0 Integraci\u00f3 amb l\u2019entorn<\/p>\n<p>6.\u00a0\u00a0\u00a0\u00a0 Pla de mobilitat sostenible<\/td>\n<\/tr>\n<\/tbody>\n<\/table>\n<p><em>Taula. Indicadors de comportament empresarial amb la sostenibilitat (Font: La RSE i les cooperatives, Estudi de COCETA).<\/em><\/p>\n<p>La responsabilitat social de l&#8217;empresa suposa, en sentit general: l&#8217;assoliment dels objectius econ\u00f2mics; l&#8217;aportaci\u00f3 de beneficis a l&#8217;individu, als col\u00b7laboradors i a la comunitat; el compliment dels principis \u00e8tics, c\u00edvics i la normativa legal; la capacitaci\u00f3 dels empleats, no solament en assumptes relacionats amb el seu acompliment laboral, sin\u00f3 tamb\u00e9 en aspectes relacionats amb el millorament personal, familiar i social; l&#8217;assegurament de les condicions laborals i de salut de les persones; aix\u00ed com la consideraci\u00f3 de les decisions en funci\u00f3 de q\u00fcestions \u00e8tiques i ambientals.<\/p>\n<p>Per tant, igual que les persones desenvolupem responsabilitats amb el nostre entorn, les empreses tamb\u00e9 han de fer-lo, i han de justificar les seues accions davant una opini\u00f3 p\u00fablica mitjan\u00e7ant la projecci\u00f3 positiva del que s\u00f3n: la seua imatge. Les accions corporatives tenen un significat social pel mer fet de pert\u00e0nyer a una societat; aix\u00f2 obliga en certa mesura a les empreses d&#8217;una societat a ser responsables dels seus propis actes en el desenvolupament de les seues funcions i assumir que les iniciatives socials no poden ser accions a\u00efllades, han d&#8217;anar de la m\u00e0 de la missi\u00f3, visi\u00f3, valors i estrat\u00e8gia de l&#8217;empresa.<\/p>\n<p>En l&#8217;actualitat parlar d&#8217;Empreses Socialment Responsables no \u00e9s sol una opci\u00f3, sin\u00f3 tamb\u00e9 una necessitat; sobretot perqu\u00e8 cada vegada assistim a una creixent conscienciaci\u00f3 dels individus d&#8217;impulsar un desenvolupament m\u00e9s sostenible. Sembla que les organitzacions s&#8217;estan convencent que la seua finalitat com a empresa no solament \u00e9s guanyar diners, sin\u00f3 que tenen una missi\u00f3 social: han de contribuir a un m\u00f3n millor. Per\u00f2 a m\u00e9s s&#8217;han adonat que fer-ho \u00e9s rendible. Ac\u00ed \u00e9s que est\u00e0 l&#8217;\u00e8xit del negoci, a saber mantindre un balan\u00e7 i una coher\u00e8ncia entre totes aqueixes tasques que orienten una economia del b\u00e9 com\u00fa.<\/p>\n<p>&nbsp;<\/p>\n<!-- AddThis Advanced Settings generic via filter on the_content --><!-- AddThis Share Buttons generic via filter on the_content -->","protected":false},"excerpt":{"rendered":"<p>La Responsabilitat Social de les Empreses (RSE) \u00e9s un concepte modern que va apar\u00e9ixer fa 30 anys. Cap a finals del segle passat la RSE comen\u00e7ava a tindre una certa projecci\u00f3 empresarial, i va ser en 2001 quan es va publicar el Llibre Verd de la Comissi\u00f3 Europea, sobre com \u00abFomentar un marc europeu per &hellip;<!-- AddThis Advanced Settings generic via filter on get_the_excerpt --><!-- AddThis Share Buttons generic via filter on get_the_excerpt --><\/p>\n","protected":false},"author":19,"featured_media":7282,"comment_status":"open","ping_status":"open","sticky":false,"template":"","format":"standard","meta":{"_mi_skip_tracking":false},"_links":{"self":[{"href":"https:\/\/emprendedoressostenibles.com\/val\/wp-json\/wp\/v2\/posts\/6975"}],"collection":[{"href":"https:\/\/emprendedoressostenibles.com\/val\/wp-json\/wp\/v2\/posts"}],"about":[{"href":"https:\/\/emprendedoressostenibles.com\/val\/wp-json\/wp\/v2\/types\/post"}],"author":[{"embeddable":true,"href":"https:\/\/emprendedoressostenibles.com\/val\/wp-json\/wp\/v2\/users\/19"}],"replies":[{"embeddable":true,"href":"https:\/\/emprendedoressostenibles.com\/val\/wp-json\/wp\/v2\/comments?post=6975"}],"version-history":[{"count":0,"href":"https:\/\/emprendedoressostenibles.com\/val\/wp-json\/wp\/v2\/posts\/6975\/revisions"}],"wp:featuredmedia":[{"embeddable":true,"href":"https:\/\/emprendedoressostenibles.com\/val\/wp-json\/wp\/v2\/media\/7282"}],"wp:attachment":[{"href":"https:\/\/emprendedoressostenibles.com\/val\/wp-json\/wp\/v2\/media?parent=6975"}],"curies":[{"name":"wp","href":"https:\/\/api.w.org\/{rel}","templated":true}]}}